{"id":913,"date":"2019-04-28T08:50:44","date_gmt":"2019-04-28T06:50:44","guid":{"rendered":"https:\/\/ssl.roemerweg.at\/?p=913"},"modified":"2019-04-28T08:50:49","modified_gmt":"2019-04-28T06:50:49","slug":"eine-wanderausstellung-wird-sesshaft","status":"publish","type":"post","link":"https:\/\/www.roemerweg.at\/?p=913","title":{"rendered":"Eine Wanderausstellung wird sesshaft!"},"content":{"rendered":"\n<p>&#8222;Alle Wege f\u00fchren nach&#8230;.&#8220; im R\u00f6mermuseum Wels (Arch\u00e4ologische Sammlung in den Minoriten)  <\/p>\n\n\n\n<p>Auftaktveranstaltung: 18.05.2019 &#8222;Internationaler Museumstag in O\u00d6&#8220; <\/p>\n\n\n\n<figure class=\"wp-block-image\"><img loading=\"lazy\" decoding=\"async\" width=\"488\" height=\"1024\" src=\"https:\/\/www.roemerweg.at\/wp-content\/uploads\/2019\/04\/Museumstag-Minoriten-488x1024.jpg\" alt=\"\" class=\"wp-image-910\" srcset=\"https:\/\/www.roemerweg.at\/wp-content\/uploads\/2019\/04\/Museumstag-Minoriten-488x1024.jpg 488w, https:\/\/www.roemerweg.at\/wp-content\/uploads\/2019\/04\/Museumstag-Minoriten-71x150.jpg 71w, https:\/\/www.roemerweg.at\/wp-content\/uploads\/2019\/04\/Museumstag-Minoriten-143x300.jpg 143w, https:\/\/www.roemerweg.at\/wp-content\/uploads\/2019\/04\/Museumstag-Minoriten.jpg 1181w\" sizes=\"auto, (max-width: 488px) 100vw, 488px\" \/><\/figure>\n\n\n\n<figure class=\"wp-block-image\"><img loading=\"lazy\" decoding=\"async\" width=\"1181\" height=\"2480\" src=\"https:\/\/i0.wp.com\/www.roemerweg.at\/wp-content\/uploads\/2019\/04\/Museumstag-Minoriten_01-1.jpg?fit=488%2C1024&amp;ssl=1\" alt=\"\" class=\"wp-image-914\" srcset=\"https:\/\/www.roemerweg.at\/wp-content\/uploads\/2019\/04\/Museumstag-Minoriten_01-1.jpg 1181w, https:\/\/www.roemerweg.at\/wp-content\/uploads\/2019\/04\/Museumstag-Minoriten_01-1-71x150.jpg 71w, https:\/\/www.roemerweg.at\/wp-content\/uploads\/2019\/04\/Museumstag-Minoriten_01-1-143x300.jpg 143w, https:\/\/www.roemerweg.at\/wp-content\/uploads\/2019\/04\/Museumstag-Minoriten_01-1-488x1024.jpg 488w\" sizes=\"auto, (max-width: 1181px) 100vw, 1181px\" \/><\/figure>\n","protected":false},"excerpt":{"rendered":"<p>&#8222;Alle Wege f\u00fchren nach&#8230;.&#8220; im R\u00f6mermuseum Wels (Arch\u00e4ologische Sammlung in den Minoriten) Auftaktveranstaltung: 18.05.2019 &#8222;Internationaler Museumstag in O\u00d6&#8220;<\/p>\n","protected":false},"author":1,"featured_media":0,"comment_status":"closed","ping_status":"open","sticky":false,"template":"","format":"standard","meta":{"footnotes":""},"categories":[1],"tags":[],"class_list":["post-913","post","type-post","status-publish","format-standard","hentry","category-allgemein"],"_links":{"self":[{"href":"https:\/\/www.roemerweg.at\/index.php?rest_route=\/wp\/v2\/posts\/913","targetHints":{"allow":["GET"]}}],"collection":[{"href":"https:\/\/www.roemerweg.at\/index.php?rest_route=\/wp\/v2\/posts"}],"about":[{"href":"https:\/\/www.roemerweg.at\/index.php?rest_route=\/wp\/v2\/types\/post"}],"author":[{"embeddable":true,"href":"https:\/\/www.roemerweg.at\/index.php?rest_route=\/wp\/v2\/users\/1"}],"replies":[{"embeddable":true,"href":"https:\/\/www.roemerweg.at\/index.php?rest_route=%2Fwp%2Fv2%2Fcomments&post=913"}],"version-history":[{"count":1,"href":"https:\/\/www.roemerweg.at\/index.php?rest_route=\/wp\/v2\/posts\/913\/revisions"}],"predecessor-version":[{"id":915,"href":"https:\/\/www.roemerweg.at\/index.php?rest_route=\/wp\/v2\/posts\/913\/revisions\/915"}],"wp:attachment":[{"href":"https:\/\/www.roemerweg.at\/index.php?rest_route=%2Fwp%2Fv2%2Fmedia&parent=913"}],"wp:term":[{"taxonomy":"category","embeddable":true,"href":"https:\/\/www.roemerweg.at\/index.php?rest_route=%2Fwp%2Fv2%2Fcategories&post=913"},{"taxonomy":"post_tag","embeddable":true,"href":"https:\/\/www.roemerweg.at\/index.php?rest_route=%2Fwp%2Fv2%2Ftags&post=913"}],"curies":[{"name":"wp","href":"https:\/\/api.w.org\/{rel}","templated":true}]}}