{"id":681,"date":"2017-09-28T05:25:21","date_gmt":"2017-09-28T03:25:21","guid":{"rendered":"https:\/\/ssl.roemerweg.at\/?p=681"},"modified":"2017-09-28T05:25:21","modified_gmt":"2017-09-28T03:25:21","slug":"welser-museumsnacht-2017","status":"publish","type":"post","link":"https:\/\/www.roemerweg.at\/?p=681","title":{"rendered":"Welser Museumsnacht 2017"},"content":{"rendered":"<p><b>Die &#8222;Welser Museumsnacht&#8220; findet bei freiem Eintritt in den beiden Stadtmuseen statt.<\/b><\/p>\n<p><b>Zeit: 07. Oktober 2017 von 18.00h bis 23.00h<\/b><\/p>\n<p><u><b><small><small>STADTMUSEUM WELS-MINORITEN<\/small><\/small><\/b><\/u><\/p>\n<p><i><b><small><small>Eigenes Programm f\u00fcr den 07. Oktober\u00a0<\/small><\/small><\/b><\/i><\/p>\n<p><i><b><small><small>Neue r\u00f6mische Funde aus Ovilavis!<\/small><\/small><\/b><\/i><\/p>\n<p><small><small><b><a class=\"moz-txt-link-freetext\" href=\"http:\/\/www.wels.at\/Kultur-und-Bildung\/Museen-der-Stadt-Wels\/Minoriten\/?:hp=3\">http:\/\/www.wels.at\/Kultur-und-Bildung\/Museen-der-Stadt-Wels\/Minoriten\/?:hp=3<\/a><\/b><br \/>\n<\/small><\/small><br \/>\nDas mitten im Stadtzentrum gelegene ehemalige Minoritenkloster beherbergt die arch\u00e4ologische Sammlung, dessen Dauerausstellung sich als abwechslungsreiches Erlebnismuseum pr\u00e4sentiert. Es zeigt in sehr offener und anschaulicher Weise die Vor- und Fr\u00fchgeschichte der Stadt sowie die f\u00fcr Wels so bedeutsame R\u00f6merzeit. Durch die Einrichtung eines r\u00f6mischen Hauses und mehrerer Handwerkerl\u00e4den werden die verschiedenen Bereiche des allt\u00e4glichen Lebens in einer r\u00f6mischen Provinzstadt veranschaulicht. Die f\u00fcr den Besucher zug\u00e4nglichen arch\u00e4ologischen Ausgrabungen unter der ehemaligen Minoritenkirche geben unmittelbar Auskunft \u00fcber die abwechslungsreiche Vergangenheit von Wels.<\/p>\n<p><small><small><u><b>STADTMUSEUM WELS-BURG<\/b><\/u><\/small><\/small><\/p>\n<p><small><small><b><i>Eigenes Programm f\u00fcr den 07. Oktober<br \/>\n<\/i><\/b><\/small><\/small><\/p>\n<p><small><small><b><i>Sonderausstellung:\u00a0 &#8222;ES GR\u00dcNT SO GR\u00dcN&#8230; HISTORISCHE GARTEN- UND PARKANLAGEN IN WELS&#8220;<br \/>\n<\/i><\/b><\/small><\/small><\/p>\n<p><small><small><b><a class=\"moz-txt-link-freetext\" href=\"http:\/\/www.wels.at\/Kultur-und-Bildung\/Museen-der-Stadt-Wels\/Burg-Wels\/Sonderausstellung.html?:hp=3\">http:\/\/www.wels.at\/Kultur-und-Bildung\/Museen-der-Stadt-Wels\/Burg-Wels\/Sonderausstellung.html?:hp=3<\/a><br \/>\n<\/b><\/small><\/small><\/p>\n<p>Die Burg Wels beherbergt heute eines der spannendsten Stadtmuseen Ober\u00f6sterreichs. 1000 Jahre wechselvolle Geschichte der Stadt und ihrer Einwohner werden den Besuchern ausgehend vom Mittelalter \u00fcber die Bauernkriege, Renaissance, Barock- und Biedermeierzeit bis zur Gegenwart reichhaltig durch Exponate, Modelle und audiovisuelle Mittel n\u00e4her gebracht. Die Burg, die ab dem 12. Jahrhundert im Besitz der Habsburger war und unter Kaiser Maximilian I. einen sp\u00e4tgotischen Umbau erfuhr, vermittelt heute ein interessantes Bild der Stadt- und Landwirtschaftsgeschichte.<\/p>\n<p>Im selben Geb\u00e4ude sind auch das \u00d6sterreichische Geb\u00e4ckmuseum und das Museum der Heimatvertriebenen untergebracht.<\/p>\n<p><a href=\"https:\/\/www.roemerweg.at\/wp-content\/uploads\/2017\/09\/Flyer_017.pdf\">Folder der Museumsnacht<\/a><\/p>\n","protected":false},"excerpt":{"rendered":"<p>Die &#8222;Welser Museumsnacht&#8220; findet bei freiem Eintritt in den beiden Stadtmuseen statt. Zeit: 07. Oktober 2017 von 18.00h bis 23.00h STADTMUSEUM WELS-MINORITEN Eigenes Programm f\u00fcr den 07. Oktober\u00a0 Neue r\u00f6mische Funde aus Ovilavis! http:\/\/www.wels.at\/Kultur-und-Bildung\/Museen-der-Stadt-Wels\/Minoriten\/?:hp=3 Das mitten im Stadtzentrum gelegene ehemalige Minoritenkloster beherbergt die arch\u00e4ologische Sammlung, dessen Dauerausstellung sich als abwechslungsreiches Erlebnismuseum pr\u00e4sentiert. Es zeigt in &hellip; <a href=\"https:\/\/www.roemerweg.at\/?p=681\" class=\"more-link\"><span class=\"screen-reader-text\">Welser Museumsnacht 2017<\/span> weiterlesen<\/a><\/p>\n","protected":false},"author":1,"featured_media":0,"comment_status":"closed","ping_status":"open","sticky":false,"template":"","format":"standard","meta":{"footnotes":""},"categories":[1],"tags":[],"class_list":["post-681","post","type-post","status-publish","format-standard","hentry","category-allgemein"],"_links":{"self":[{"href":"https:\/\/www.roemerweg.at\/index.php?rest_route=\/wp\/v2\/posts\/681","targetHints":{"allow":["GET"]}}],"collection":[{"href":"https:\/\/www.roemerweg.at\/index.php?rest_route=\/wp\/v2\/posts"}],"about":[{"href":"https:\/\/www.roemerweg.at\/index.php?rest_route=\/wp\/v2\/types\/post"}],"author":[{"embeddable":true,"href":"https:\/\/www.roemerweg.at\/index.php?rest_route=\/wp\/v2\/users\/1"}],"replies":[{"embeddable":true,"href":"https:\/\/www.roemerweg.at\/index.php?rest_route=%2Fwp%2Fv2%2Fcomments&post=681"}],"version-history":[{"count":1,"href":"https:\/\/www.roemerweg.at\/index.php?rest_route=\/wp\/v2\/posts\/681\/revisions"}],"predecessor-version":[{"id":683,"href":"https:\/\/www.roemerweg.at\/index.php?rest_route=\/wp\/v2\/posts\/681\/revisions\/683"}],"wp:attachment":[{"href":"https:\/\/www.roemerweg.at\/index.php?rest_route=%2Fwp%2Fv2%2Fmedia&parent=681"}],"wp:term":[{"taxonomy":"category","embeddable":true,"href":"https:\/\/www.roemerweg.at\/index.php?rest_route=%2Fwp%2Fv2%2Fcategories&post=681"},{"taxonomy":"post_tag","embeddable":true,"href":"https:\/\/www.roemerweg.at\/index.php?rest_route=%2Fwp%2Fv2%2Ftags&post=681"}],"curies":[{"name":"wp","href":"https:\/\/api.w.org\/{rel}","templated":true}]}}