{"id":657,"date":"2017-05-08T09:42:14","date_gmt":"2017-05-08T07:42:14","guid":{"rendered":"http:\/\/ssl.roemerweg.at\/?p=657"},"modified":"2017-05-08T09:42:14","modified_gmt":"2017-05-08T07:42:14","slug":"vielvoelkerstadt-ovilava","status":"publish","type":"post","link":"https:\/\/www.roemerweg.at\/?p=657","title":{"rendered":"Vielv\u00f6lkerstadt Ovilava"},"content":{"rendered":"<p>Das Projekt &#8222;Vielv\u00f6lkerstadt Ovilava&#8220; wird sichtbar!<\/p>\n<p>&#8222;Vielv\u00f6lkerstadt Ovilava&#8220;<br \/>\nWels ist ein Teil der O\u00d6 Landesausstellung 2018 und der Verein &#8222;R\u00f6merweg Ovilava&#8220; wird sich mit dem Projekt &#8222;Vielv\u00f6lkerstadt Ovilava&#8220; beteiligen.<br \/>\nMit dem Projekt &#8222;Vielv\u00f6lkerstadt Ovilava&#8220; soll bei der O\u00d6 Landeausstellung 2018 und dar\u00fcber hinaus die r\u00f6mische Geschichte als v\u00f6lkerverbindendes Element genutzt werden. Menschen die aus den &#8222;Nachfolgestaaten&#8220; des Imperium Romanum<span class=\"text_exposed_show\"> stammen oder aus L\u00e4ndern, die in irgendeiner Form Begegnungen mit den R\u00f6mern hatten, sollen auf die gemeinsame r\u00f6mische Geschichte in Wels aufmerksam gemacht werden UND DURCH DEN VERGLEICH MIT ANDEREN L\u00c4NDERN SOLL AUCH EINE H\u00d6HERE WERTSCH\u00c4TZUNG DES R\u00d6MISCHEN KULTURERBES IN WELS ERFOLGEN!<br \/>\nJEDER VON EUCH KANN EIGENE IDEEN EINBRINGEN UND SICH BETEILIGEN!<\/span><\/p>\n<div class=\"text_exposed_show\">\n<p>Der n\u00e4chste Arbeitstreffen im FreiRaum findet am Montag, 29.05.2017 um 18.30h statt.<\/p>\n<p>Bisherige Vorschl\u00e4ge:<\/p>\n<p>An 4 Tagen &#8211; zwischen dem 27. April und 4. November 2018 \u2013 wird gekocht, getanzt, musiziert und erz\u00e4hlt. Gemeinsam wird R\u00f6misches und Gegenw\u00e4rtiges gezeigt. Zu jedem dieser 4 Termine gibt es einen L\u00e4nderschwerpunkt (Beispielsweise \u2013 Kroatien). Die K\u00fcche und Musik der R\u00f6mer wird wieder lebendig und erg\u00e4nzt durch die Kulinarik des jeweiligen Landes, in Verbindung mit Erlebnissen und Geschichten, die einen Bezug zur R\u00f6merzeit haben, tragen diese geschichtlichen Gemeinsamkeiten zu einer V\u00f6lkerverst\u00e4ndigung bei und die Bedeutung des r\u00f6mischen Wels wird erfahrbar.<\/p>\n<p>Monatliche R\u00f6merwegf\u00fchrungen, die eine gemeinsame Geschichte vermitteln.<\/p>\n<p>Ein oder mehrere Workshops mit Ausstellungen, beispielsweise mit r\u00f6mischen und gegenw\u00e4rtigen Schmuck, um die Gemeinsamkeiten bis in die Gegenwart zu zeigen.<\/p>\n<p>Mehrere Vortr\u00e4ge zur Thematik.<\/p>\n<p>Ein gro\u00dfes &#8222;R\u00f6merfest&#8220;<\/p>\n<p><img loading=\"lazy\" decoding=\"async\" class=\"alignleft wp-image-658 size-full\" src=\"http:\/\/www.roemerweg.at\/wp-content\/uploads\/2017\/05\/18222114_1461211567275972_1464257909354089958_n.jpg\" alt=\"\" width=\"619\" height=\"878\" srcset=\"https:\/\/www.roemerweg.at\/wp-content\/uploads\/2017\/05\/18222114_1461211567275972_1464257909354089958_n.jpg 619w, https:\/\/www.roemerweg.at\/wp-content\/uploads\/2017\/05\/18222114_1461211567275972_1464257909354089958_n-106x150.jpg 106w, https:\/\/www.roemerweg.at\/wp-content\/uploads\/2017\/05\/18222114_1461211567275972_1464257909354089958_n-212x300.jpg 212w\" sizes=\"auto, (max-width: 619px) 100vw, 619px\" \/><\/p>\n<\/div>\n<p>&nbsp;<\/p>\n<p>&nbsp;<\/p>\n<p>&nbsp;<\/p>\n<p>&nbsp;<\/p>\n<p>&nbsp;<\/p>\n<p>&nbsp;<\/p>\n<p><img loading=\"lazy\" decoding=\"async\" class=\"alignleft wp-image-660 size-full\" src=\"http:\/\/www.roemerweg.at\/wp-content\/uploads\/2017\/05\/18274751_1461211623942633_1086489787994039617_n.jpg\" alt=\"\" width=\"622\" height=\"874\" srcset=\"https:\/\/www.roemerweg.at\/wp-content\/uploads\/2017\/05\/18274751_1461211623942633_1086489787994039617_n.jpg 622w, https:\/\/www.roemerweg.at\/wp-content\/uploads\/2017\/05\/18274751_1461211623942633_1086489787994039617_n-107x150.jpg 107w, https:\/\/www.roemerweg.at\/wp-content\/uploads\/2017\/05\/18274751_1461211623942633_1086489787994039617_n-214x300.jpg 214w\" sizes=\"auto, (max-width: 622px) 100vw, 622px\" \/><\/p>\n<p><img loading=\"lazy\" decoding=\"async\" class=\"alignleft wp-image-659 size-full\" src=\"http:\/\/www.roemerweg.at\/wp-content\/uploads\/2017\/05\/18237953_1461219243941871_5321186038878368103_o.jpg\" alt=\"\" width=\"1748\" height=\"1063\" srcset=\"https:\/\/www.roemerweg.at\/wp-content\/uploads\/2017\/05\/18237953_1461219243941871_5321186038878368103_o.jpg 1748w, https:\/\/www.roemerweg.at\/wp-content\/uploads\/2017\/05\/18237953_1461219243941871_5321186038878368103_o-150x91.jpg 150w, https:\/\/www.roemerweg.at\/wp-content\/uploads\/2017\/05\/18237953_1461219243941871_5321186038878368103_o-300x182.jpg 300w, https:\/\/www.roemerweg.at\/wp-content\/uploads\/2017\/05\/18237953_1461219243941871_5321186038878368103_o-1024x623.jpg 1024w\" sizes=\"auto, (max-width: 1748px) 100vw, 1748px\" \/><\/p>\n<p>&nbsp;<\/p>\n","protected":false},"excerpt":{"rendered":"<p>Das Projekt &#8222;Vielv\u00f6lkerstadt Ovilava&#8220; wird sichtbar! &#8222;Vielv\u00f6lkerstadt Ovilava&#8220; Wels ist ein Teil der O\u00d6 Landesausstellung 2018 und der Verein &#8222;R\u00f6merweg Ovilava&#8220; wird sich mit dem Projekt &#8222;Vielv\u00f6lkerstadt Ovilava&#8220; beteiligen. Mit dem Projekt &#8222;Vielv\u00f6lkerstadt Ovilava&#8220; soll bei der O\u00d6 Landeausstellung 2018 und dar\u00fcber hinaus die r\u00f6mische Geschichte als v\u00f6lkerverbindendes Element genutzt werden. Menschen die aus den &hellip; <a href=\"https:\/\/www.roemerweg.at\/?p=657\" class=\"more-link\"><span class=\"screen-reader-text\">Vielv\u00f6lkerstadt Ovilava<\/span> weiterlesen<\/a><\/p>\n","protected":false},"author":1,"featured_media":0,"comment_status":"closed","ping_status":"open","sticky":false,"template":"","format":"standard","meta":{"footnotes":""},"categories":[1],"tags":[],"class_list":["post-657","post","type-post","status-publish","format-standard","hentry","category-allgemein"],"_links":{"self":[{"href":"https:\/\/www.roemerweg.at\/index.php?rest_route=\/wp\/v2\/posts\/657","targetHints":{"allow":["GET"]}}],"collection":[{"href":"https:\/\/www.roemerweg.at\/index.php?rest_route=\/wp\/v2\/posts"}],"about":[{"href":"https:\/\/www.roemerweg.at\/index.php?rest_route=\/wp\/v2\/types\/post"}],"author":[{"embeddable":true,"href":"https:\/\/www.roemerweg.at\/index.php?rest_route=\/wp\/v2\/users\/1"}],"replies":[{"embeddable":true,"href":"https:\/\/www.roemerweg.at\/index.php?rest_route=%2Fwp%2Fv2%2Fcomments&post=657"}],"version-history":[{"count":1,"href":"https:\/\/www.roemerweg.at\/index.php?rest_route=\/wp\/v2\/posts\/657\/revisions"}],"predecessor-version":[{"id":661,"href":"https:\/\/www.roemerweg.at\/index.php?rest_route=\/wp\/v2\/posts\/657\/revisions\/661"}],"wp:attachment":[{"href":"https:\/\/www.roemerweg.at\/index.php?rest_route=%2Fwp%2Fv2%2Fmedia&parent=657"}],"wp:term":[{"taxonomy":"category","embeddable":true,"href":"https:\/\/www.roemerweg.at\/index.php?rest_route=%2Fwp%2Fv2%2Fcategories&post=657"},{"taxonomy":"post_tag","embeddable":true,"href":"https:\/\/www.roemerweg.at\/index.php?rest_route=%2Fwp%2Fv2%2Ftags&post=657"}],"curies":[{"name":"wp","href":"https:\/\/api.w.org\/{rel}","templated":true}]}}